{"id":8960,"date":"2024-05-23T11:45:24","date_gmt":"2024-05-23T11:45:24","guid":{"rendered":"https:\/\/berekibarkasegylet.hu\/?p=8960"},"modified":"2024-09-16T09:46:10","modified_gmt":"2024-09-16T09:46:10","slug":"bronzerem-es-tobb-pontszerzo-hely-a-gyori-maraton-ob-n","status":"publish","type":"post","link":"https:\/\/berekibarkasegylet.hu\/index.php\/2024\/05\/23\/bronzerem-es-tobb-pontszerzo-hely-a-gyori-maraton-ob-n\/","title":{"rendered":"Bronz\u00e9rem \u00e9s t\u00f6bb pontszerz\u0151 hely a gy\u0151ri Maraton OB-n"},"content":{"rendered":"\n<p>A p\u00fcnk\u00f6sdi hossz\u00fa h\u00e9tv\u00e9g\u00e9n Gy\u0151r adott otthont a Kadler Guszt\u00e1v Maraton Magyar Bajnoks\u00e1gnak. Egyes\u00fclet\u00fcnk 12 f\u0151vel vett r\u00e9szt a megm\u00e9rettet\u00e9sen.<\/p>\n\n\n\n<p>Az els\u0151 versenynapon Sz\u00e1raz Alex \u00e9s Szalai Benj\u00e1min sz\u00e1lltak v\u00edzre n\u00e9pes mez\u0151nyben, 15 kilom\u00e9teren, C1-es haj\u00f3egys\u00e9gben. A futamot j\u00f3 f\u00e9l \u00f3r\u00e1t cs\u00fasztatni kellett a kedvez\u0151tlen id\u0151j\u00e1r\u00e1si viszonyok miatt.<br>A sr\u00e1cok azonban \u00edgy sem \u00faszt\u00e1k meg: ahogy elrajtoltak, m\u00e1ris \u00f6z\u00f6nv\u00edzszer\u0171 es\u0151 z\u00fadult a nyakukba.<br>A v\u00e1ltoz\u00f3 intenzit\u00e1s\u00fa csapad\u00e9k gyakorlatilag v\u00e9gig kitartott a t\u00f6bb mint egy \u00f3r\u00e1s futamon. Beni az el\u0151kel\u0151 7. helyen v\u00e9gzett, Alex 24. lett a t\u00e9nyleg embert pr\u00f3b\u00e1l\u00f3 versenyen.\u00a0<\/p>\n\n\n\n<p>Vas\u00e1rnap els\u0151k\u00e9nt l\u00e1nyaink\u00e9rt kellett szor\u00edtani, akik egy\u00e9niben, 5 kilom\u00e9teren versenyeztek, szerencs\u00e9re, m\u00e1r ver\u0151f\u00e9nyes naps\u00fct\u00e9sben. Korona Panka 7. helyezett lett saj\u00e1t futam\u00e1ban, az eggyel fiatalabb koroszt\u00e1lyban Honfi R\u00e9ka hetedik, Bug\u00e1r Zs\u00f3fia nyolcadik helyen v\u00e9gzett.&nbsp;<\/p>\n\n\n\n<p>PC2-es haj\u00f3egys\u00e9gben Szalai Zal\u00e1n \u00e9s Sz\u00e1raz \u00c1d\u00e1m \u00e1lltak rajthoz, szint\u00e9n 5 kilom\u00e9teren, hetedikek lettek.&nbsp;<\/p>\n\n\n\n<p>\u00d6t kilom\u00e9teren versenyzett TC4-es egys\u00e9g\u00fcnk, Moln\u00e1r Csenge, Moln\u00e1r Kende, Radnai Zal\u00e1n \u00e9s Herceg Korn\u00e9l. A csapathaj\u00f3 remek teljes\u00edtm\u00e9nnyel hatodik helyen \u00e9rt c\u00e9lba. Ezzel a vegyes egys\u00e9g \u00e9rmet szerzett Gy\u0151rben.&nbsp;<\/p>\n\n\n\n<p>A z\u00e1r\u00f3 versenysz\u00e1m Varga R\u00f3z\u00e1\u00e9 volt, aki az U11-es koroszt\u00e1lyban indult, szint\u00e9n 5 kilom\u00e9teren, MC1-es haj\u00f3egys\u00e9gben. R\u00f3za j\u00f3l rajtolt, az els\u0151 p\u00e1r sz\u00e1z m\u00e9teren kiharcolt harmadik hely\u00e9t a c\u00e9lig megtartotta, ezzel az egyes\u00fclet eddigi legnagyobb siker\u00e9t \u00e9rte el: bronz\u00e9rmet szerzett az orsz\u00e1gos magyar bajnoks\u00e1gon.<\/p>\n\n\n\n<p><\/p>\n\n\n\n<figure class=\"wp-block-image size-large\"><img decoding=\"async\" loading=\"lazy\" width=\"1024\" height=\"540\" src=\"https:\/\/berekibarkasegylet.hu\/wp-content\/uploads\/2024\/05\/D485C7D5-C816-4FDC-B2B7-CCA9CC89E805-1024x540.jpeg\" alt=\"\" class=\"wp-image-8963\" srcset=\"https:\/\/berekibarkasegylet.hu\/wp-content\/uploads\/2024\/05\/D485C7D5-C816-4FDC-B2B7-CCA9CC89E805-1024x540.jpeg 1024w, https:\/\/berekibarkasegylet.hu\/wp-content\/uploads\/2024\/05\/D485C7D5-C816-4FDC-B2B7-CCA9CC89E805-300x158.jpeg 300w, https:\/\/berekibarkasegylet.hu\/wp-content\/uploads\/2024\/05\/D485C7D5-C816-4FDC-B2B7-CCA9CC89E805-768x405.jpeg 768w, https:\/\/berekibarkasegylet.hu\/wp-content\/uploads\/2024\/05\/D485C7D5-C816-4FDC-B2B7-CCA9CC89E805-1536x810.jpeg 1536w, https:\/\/berekibarkasegylet.hu\/wp-content\/uploads\/2024\/05\/D485C7D5-C816-4FDC-B2B7-CCA9CC89E805-2048x1079.jpeg 2048w, https:\/\/berekibarkasegylet.hu\/wp-content\/uploads\/2024\/05\/D485C7D5-C816-4FDC-B2B7-CCA9CC89E805-900x474.jpeg 900w, https:\/\/berekibarkasegylet.hu\/wp-content\/uploads\/2024\/05\/D485C7D5-C816-4FDC-B2B7-CCA9CC89E805-600x316.jpeg 600w\" sizes=\"(max-width: 1024px) 100vw, 1024px\" \/><\/figure>\n","protected":false},"excerpt":{"rendered":"<p>A p\u00fcnk\u00f6sdi hossz\u00fa h\u00e9tv\u00e9g\u00e9n Gy\u0151r adott otthont a Kadler Guszt\u00e1v Maraton Magyar Bajnoks\u00e1gnak. Egyes\u00fclet\u00fcnk 12 f\u0151vel vett r\u00e9szt a megm\u00e9rettet\u00e9sen. Az els\u0151 versenynapon Sz\u00e1raz Alex \u00e9s Szalai Benj\u00e1min sz\u00e1lltak v\u00edzre n\u00e9pes mez\u0151nyben, 15 kilom\u00e9teren, C1-es haj\u00f3egys\u00e9gben. A futamot j\u00f3 f\u00e9l \u00f3r\u00e1t cs\u00fasztatni kellett a kedvez\u0151tlen id\u0151j\u00e1r\u00e1si viszonyok miatt.A sr\u00e1cok azonban \u00edgy sem \u00faszt\u00e1k meg: ahogy<\/p>\n","protected":false},"author":4,"featured_media":8962,"comment_status":"closed","ping_status":"closed","sticky":false,"template":"","format":"standard","meta":[],"categories":[16],"tags":[],"_links":{"self":[{"href":"https:\/\/berekibarkasegylet.hu\/index.php\/wp-json\/wp\/v2\/posts\/8960"}],"collection":[{"href":"https:\/\/berekibarkasegylet.hu\/index.php\/wp-json\/wp\/v2\/posts"}],"about":[{"href":"https:\/\/berekibarkasegylet.hu\/index.php\/wp-json\/wp\/v2\/types\/post"}],"author":[{"embeddable":true,"href":"https:\/\/berekibarkasegylet.hu\/index.php\/wp-json\/wp\/v2\/users\/4"}],"replies":[{"embeddable":true,"href":"https:\/\/berekibarkasegylet.hu\/index.php\/wp-json\/wp\/v2\/comments?post=8960"}],"version-history":[{"count":1,"href":"https:\/\/berekibarkasegylet.hu\/index.php\/wp-json\/wp\/v2\/posts\/8960\/revisions"}],"predecessor-version":[{"id":8964,"href":"https:\/\/berekibarkasegylet.hu\/index.php\/wp-json\/wp\/v2\/posts\/8960\/revisions\/8964"}],"wp:featuredmedia":[{"embeddable":true,"href":"https:\/\/berekibarkasegylet.hu\/index.php\/wp-json\/wp\/v2\/media\/8962"}],"wp:attachment":[{"href":"https:\/\/berekibarkasegylet.hu\/index.php\/wp-json\/wp\/v2\/media?parent=8960"}],"wp:term":[{"taxonomy":"category","embeddable":true,"href":"https:\/\/berekibarkasegylet.hu\/index.php\/wp-json\/wp\/v2\/categories?post=8960"},{"taxonomy":"post_tag","embeddable":true,"href":"https:\/\/berekibarkasegylet.hu\/index.php\/wp-json\/wp\/v2\/tags?post=8960"}],"curies":[{"name":"wp","href":"https:\/\/api.w.org\/{rel}","templated":true}]}}