{"id":8991,"date":"2024-07-03T06:35:45","date_gmt":"2024-07-03T06:35:45","guid":{"rendered":"https:\/\/berekibarkasegylet.hu\/?p=8991"},"modified":"2024-09-16T09:46:33","modified_gmt":"2024-09-16T09:46:33","slug":"ejjel-nappal-a-vizen","status":"publish","type":"post","link":"https:\/\/berekibarkasegylet.hu\/index.php\/2024\/07\/03\/ejjel-nappal-a-vizen\/","title":{"rendered":"\u00c9jjel, nappal a v\u00edzen"},"content":{"rendered":"\n<p>Makk, azaz Kov\u00e1cs P\u00e9ter bar\u00e1tunk, egylet\u00fcnk legakt\u00edvabb v\u00edzit\u00far\u00e1z\u00f3ja ism\u00e9telten teljes\u00edtette az UltraR\u00e1ba 215 nonstop kajakos\/kenus\/SUP-os kih\u00edv\u00e1st. 215 km-es hossz\u00e1val a R\u00e1ba foly\u00f3 technikai neh\u00e9zs\u00e9geivel, az \u00e9jszakai szakasz k\u00fcl\u00f6nlegess\u00e9g\u00e9vel&nbsp; egy igaz\u00e1n komoly \u00e9s neh\u00e9z teljes\u00edtm\u00e9nyt\u00fara. Szentgotth\u00e1rdt\u00f3l Gy\u0151rig tart. Fejben, l\u00e9lekben, er\u0151nl\u00e9tben, \u00e1ll\u00f3k\u00e9pess\u00e9gben egyar\u00e1nt alapos felk\u00e9sz\u00fcl\u00e9st ig\u00e9nyel azokt\u00f3l a kajakost\u00f3l, kenusokt\u00f3l \u00e9s \u00e1llva evez\u0151s\u00f6kt\u0151l, akik v\u00e1llalj\u00e1k ezt a megm\u00e9rettet\u00e9st. Akik szeretn\u00e9k jobban megismerni magukat, feszegetni a saj\u00e1t hat\u00e1raikat, akik egyben eveznek le a R\u00e1ba foly\u00f3 teljes magyar szakasz\u00e1n.<\/p>\n\n\n\n<p>Az UltraR\u00e1ba 215 a&nbsp;<a rel=\"noreferrer noopener\" href=\"https:\/\/www.vidra-vizitura.hu\/del-zala-dombjai-300-dzd-300\/\" target=\"_blank\">D\u00e9l Zala Dombjai Ultra Trail 300 \u00e9s 600<\/a>&nbsp;v\u00edzi-, kajakos-kenus \u00e9s SUP-os p\u00e1rja.<\/p>\n\n\n\n<p>Teljes\u00edtette:&nbsp;<\/p>\n\n\n\n<p>Kov\u00e1cs P\u00e9ter \u00e9s Mikesi Ang\u00e9la C2 vegyesben P\u00f6rnyeszi Canadier 650 haj\u00f3val 25 \u00f3ra 36 perc alatt.<\/p>\n\n\n\n<figure class=\"wp-block-image size-full is-resized\"><img decoding=\"async\" loading=\"lazy\" src=\"https:\/\/berekibarkasegylet.hu\/wp-content\/uploads\/2024\/07\/A1BCF55E-E778-41A4-83AF-073EB7E46DE8.jpeg\" alt=\"\" class=\"wp-image-8992\" width=\"677\" height=\"404\" srcset=\"https:\/\/berekibarkasegylet.hu\/wp-content\/uploads\/2024\/07\/A1BCF55E-E778-41A4-83AF-073EB7E46DE8.jpeg 902w, https:\/\/berekibarkasegylet.hu\/wp-content\/uploads\/2024\/07\/A1BCF55E-E778-41A4-83AF-073EB7E46DE8-300x179.jpeg 300w, https:\/\/berekibarkasegylet.hu\/wp-content\/uploads\/2024\/07\/A1BCF55E-E778-41A4-83AF-073EB7E46DE8-768x459.jpeg 768w, https:\/\/berekibarkasegylet.hu\/wp-content\/uploads\/2024\/07\/A1BCF55E-E778-41A4-83AF-073EB7E46DE8-900x538.jpeg 900w, https:\/\/berekibarkasegylet.hu\/wp-content\/uploads\/2024\/07\/A1BCF55E-E778-41A4-83AF-073EB7E46DE8-600x359.jpeg 600w\" sizes=\"(max-width: 677px) 100vw, 677px\" \/><\/figure>\n","protected":false},"excerpt":{"rendered":"<p>Makk, azaz Kov\u00e1cs P\u00e9ter bar\u00e1tunk, egylet\u00fcnk legakt\u00edvabb v\u00edzit\u00far\u00e1z\u00f3ja ism\u00e9telten teljes\u00edtette az UltraR\u00e1ba 215 nonstop kajakos\/kenus\/SUP-os kih\u00edv\u00e1st. 215 km-es hossz\u00e1val a R\u00e1ba foly\u00f3 technikai neh\u00e9zs\u00e9geivel, az \u00e9jszakai szakasz k\u00fcl\u00f6nlegess\u00e9g\u00e9vel&nbsp; egy igaz\u00e1n komoly \u00e9s neh\u00e9z teljes\u00edtm\u00e9nyt\u00fara. Szentgotth\u00e1rdt\u00f3l Gy\u0151rig tart. Fejben, l\u00e9lekben, er\u0151nl\u00e9tben, \u00e1ll\u00f3k\u00e9pess\u00e9gben egyar\u00e1nt alapos felk\u00e9sz\u00fcl\u00e9st ig\u00e9nyel azokt\u00f3l a kajakost\u00f3l, kenusokt\u00f3l \u00e9s \u00e1llva evez\u0151s\u00f6kt\u0151l, akik v\u00e1llalj\u00e1k ezt<\/p>\n","protected":false},"author":3,"featured_media":8993,"comment_status":"closed","ping_status":"closed","sticky":false,"template":"","format":"standard","meta":[],"categories":[1],"tags":[128,127,126,124],"_links":{"self":[{"href":"https:\/\/berekibarkasegylet.hu\/index.php\/wp-json\/wp\/v2\/posts\/8991"}],"collection":[{"href":"https:\/\/berekibarkasegylet.hu\/index.php\/wp-json\/wp\/v2\/posts"}],"about":[{"href":"https:\/\/berekibarkasegylet.hu\/index.php\/wp-json\/wp\/v2\/types\/post"}],"author":[{"embeddable":true,"href":"https:\/\/berekibarkasegylet.hu\/index.php\/wp-json\/wp\/v2\/users\/3"}],"replies":[{"embeddable":true,"href":"https:\/\/berekibarkasegylet.hu\/index.php\/wp-json\/wp\/v2\/comments?post=8991"}],"version-history":[{"count":2,"href":"https:\/\/berekibarkasegylet.hu\/index.php\/wp-json\/wp\/v2\/posts\/8991\/revisions"}],"predecessor-version":[{"id":8995,"href":"https:\/\/berekibarkasegylet.hu\/index.php\/wp-json\/wp\/v2\/posts\/8991\/revisions\/8995"}],"wp:featuredmedia":[{"embeddable":true,"href":"https:\/\/berekibarkasegylet.hu\/index.php\/wp-json\/wp\/v2\/media\/8993"}],"wp:attachment":[{"href":"https:\/\/berekibarkasegylet.hu\/index.php\/wp-json\/wp\/v2\/media?parent=8991"}],"wp:term":[{"taxonomy":"category","embeddable":true,"href":"https:\/\/berekibarkasegylet.hu\/index.php\/wp-json\/wp\/v2\/categories?post=8991"},{"taxonomy":"post_tag","embeddable":true,"href":"https:\/\/berekibarkasegylet.hu\/index.php\/wp-json\/wp\/v2\/tags?post=8991"}],"curies":[{"name":"wp","href":"https:\/\/api.w.org\/{rel}","templated":true}]}}