{"id":8997,"date":"2024-07-10T10:09:06","date_gmt":"2024-07-10T10:09:06","guid":{"rendered":"https:\/\/berekibarkasegylet.hu\/?p=8997"},"modified":"2024-09-16T09:46:40","modified_gmt":"2024-09-16T09:46:40","slug":"magyar-kupa","status":"publish","type":"post","link":"https:\/\/berekibarkasegylet.hu\/index.php\/2024\/07\/10\/magyar-kupa\/","title":{"rendered":"Magyar Kupa"},"content":{"rendered":"\n<p>2024-ben n\u00e9gy egys\u00e9g\u00fcnk jutott a Magyar Kupa d\u00f6nt\u0151j\u00e9be. A versenyt Sukor\u00f3n, a Kov\u00e1cs Katalin Kajak-Kenu Akad\u00e9mia fantasztikusan kialak\u00edtott b\u00e1zis\u00e1n bonyol\u00edtotta a Magyar Kajak-Kenu Sz\u00f6vets\u00e9g.<br>A k\u00f6zel negyven fokos melegben k\u00e9t napig versengtek a sportol\u00f3k a kupagy\u0151ztes c\u00edmek\u00e9rt!<br>A legjobb eredm\u00e9nyt Varga R\u00f3za Anna \u00e9rte el, aki koroszt\u00e1ly\u00e1ban MC1-es haj\u00f3ban harmadikk\u00e9nt \u00e9rt c\u00e9lba!<br><\/p>\n\n\n\n<p><\/p>\n\n\n\n<figure class=\"wp-block-image size-large\"><img decoding=\"async\" loading=\"lazy\" width=\"831\" height=\"623\" src=\"https:\/\/berekibarkasegylet.hu\/wp-content\/uploads\/2024\/07\/70373967-0435-4412-A7AB-53E403D09BAF-edited.jpeg\" alt=\"\" class=\"wp-image-9001\" srcset=\"https:\/\/berekibarkasegylet.hu\/wp-content\/uploads\/2024\/07\/70373967-0435-4412-A7AB-53E403D09BAF-edited.jpeg 831w, https:\/\/berekibarkasegylet.hu\/wp-content\/uploads\/2024\/07\/70373967-0435-4412-A7AB-53E403D09BAF-edited-300x225.jpeg 300w, https:\/\/berekibarkasegylet.hu\/wp-content\/uploads\/2024\/07\/70373967-0435-4412-A7AB-53E403D09BAF-edited-768x576.jpeg 768w, https:\/\/berekibarkasegylet.hu\/wp-content\/uploads\/2024\/07\/70373967-0435-4412-A7AB-53E403D09BAF-edited-600x450.jpeg 600w\" sizes=\"(max-width: 831px) 100vw, 831px\" \/><\/figure>\n","protected":false},"excerpt":{"rendered":"<p>2024-ben n\u00e9gy egys\u00e9g\u00fcnk jutott a Magyar Kupa d\u00f6nt\u0151j\u00e9be. A versenyt Sukor\u00f3n, a Kov\u00e1cs Katalin Kajak-Kenu Akad\u00e9mia fantasztikusan kialak\u00edtott b\u00e1zis\u00e1n bonyol\u00edtotta a Magyar Kajak-Kenu Sz\u00f6vets\u00e9g.A k\u00f6zel negyven fokos melegben k\u00e9t napig versengtek a sportol\u00f3k a kupagy\u0151ztes c\u00edmek\u00e9rt!A legjobb eredm\u00e9nyt Varga R\u00f3za Anna \u00e9rte el, aki koroszt\u00e1ly\u00e1ban MC1-es haj\u00f3ban harmadikk\u00e9nt \u00e9rt c\u00e9lba!<\/p>\n","protected":false},"author":3,"featured_media":8999,"comment_status":"closed","ping_status":"closed","sticky":false,"template":"","format":"standard","meta":[],"categories":[16],"tags":[126,124],"_links":{"self":[{"href":"https:\/\/berekibarkasegylet.hu\/index.php\/wp-json\/wp\/v2\/posts\/8997"}],"collection":[{"href":"https:\/\/berekibarkasegylet.hu\/index.php\/wp-json\/wp\/v2\/posts"}],"about":[{"href":"https:\/\/berekibarkasegylet.hu\/index.php\/wp-json\/wp\/v2\/types\/post"}],"author":[{"embeddable":true,"href":"https:\/\/berekibarkasegylet.hu\/index.php\/wp-json\/wp\/v2\/users\/3"}],"replies":[{"embeddable":true,"href":"https:\/\/berekibarkasegylet.hu\/index.php\/wp-json\/wp\/v2\/comments?post=8997"}],"version-history":[{"count":2,"href":"https:\/\/berekibarkasegylet.hu\/index.php\/wp-json\/wp\/v2\/posts\/8997\/revisions"}],"predecessor-version":[{"id":9002,"href":"https:\/\/berekibarkasegylet.hu\/index.php\/wp-json\/wp\/v2\/posts\/8997\/revisions\/9002"}],"wp:featuredmedia":[{"embeddable":true,"href":"https:\/\/berekibarkasegylet.hu\/index.php\/wp-json\/wp\/v2\/media\/8999"}],"wp:attachment":[{"href":"https:\/\/berekibarkasegylet.hu\/index.php\/wp-json\/wp\/v2\/media?parent=8997"}],"wp:term":[{"taxonomy":"category","embeddable":true,"href":"https:\/\/berekibarkasegylet.hu\/index.php\/wp-json\/wp\/v2\/categories?post=8997"},{"taxonomy":"post_tag","embeddable":true,"href":"https:\/\/berekibarkasegylet.hu\/index.php\/wp-json\/wp\/v2\/tags?post=8997"}],"curies":[{"name":"wp","href":"https:\/\/api.w.org\/{rel}","templated":true}]}}