{"id":9052,"date":"2025-04-30T19:42:30","date_gmt":"2025-04-30T19:42:30","guid":{"rendered":"https:\/\/berekibarkasegylet.hu\/?p=9052"},"modified":"2025-05-15T17:40:12","modified_gmt":"2025-05-15T17:40:12","slug":"edzotabor-metajnaban","status":"publish","type":"post","link":"https:\/\/berekibarkasegylet.hu\/index.php\/2025\/04\/30\/edzotabor-metajnaban\/","title":{"rendered":"Edz\u0151t\u00e1bor Metajn\u00e1ban"},"content":{"rendered":"\n<p>Tavaly Montenegr\u00f3ban edz\u0151t\u00e1borozott kenus csapatunk. A k\u00fclf\u00f6ldi felk\u00e9sz\u00fcl\u00e9snek meg is lett az eredm\u00e9nye, szakoszt\u00e1lyunk t\u00f6rt\u00e9net\u00e9nek legsikeresebb szezonj\u00e1t z\u00e1rta 2024-ben. Annak \u00e9rdek\u00e9ben, hogy id\u00e9n is folytat\u00f3djon a j\u00f3 sorozat, a tavaszi sz\u00fcnet el\u0151tt ism\u00e9t d\u00e9lre utazhattak kenusaink, m\u00e9gpedig Horv\u00e1torsz\u00e1gba.&nbsp;<br>\u00datic\u00e9lunk ez\u00fattal&nbsp;a horv\u00e1t tengerpart egyik legfurcs\u00e1bb jelleg\u0171 szigete volt. Pag a term\u00e9szetes k\u00f6rnyezet\u00e9t illet\u0151en ugyanis szembet\u0171n\u0151 kett\u0151ss\u00e9get mutat. A sziget egyik oldala kop\u00e1r, m\u00e1r-m\u00e1r \u00fagy \u00e9rzi az ember, hogy a Holdon j\u00e1r. Szinte sehol nincs z\u00f6ldfel\u00fclet, csak n\u00e9h\u00e1ny satnya bokor \u00e9s t\u00f6vis.<br>A sziget m\u00e1sik r\u00e9sze &#8211; a buliv\u00e1rost\u00f3l,&nbsp;Novalj\u00e1t\u00f3l&nbsp;felfel\u00e9 &#8211; sokkal bar\u00e1ts\u00e1gosabb \u00e9s z\u00f6ldebb k\u00e9pet mutat.&nbsp;<br>A k\u00f6rmendi kenusok valahol a kett\u0151 hat\u00e1r\u00e1n, egy Metajna nev\u0171 kistelep\u00fcl\u00e9sen t\u00f6lt\u00f6ttek egy hetet, \u00f6sszesen 18 f\u0151vel. A k\u00f6zvetlen\u00fcl v\u00edzparti apartman ide\u00e1lis volt a v\u00edzresz\u00e1ll\u00e1shoz, csup\u00e1n a sz\u00e9l \u00e9s egy-egy nap az es\u0151 jelentett nehez\u00edt\u0151 k\u00f6r\u00fclm\u00e9nyt sportol\u00f3inknak. A k\u00f6rnyez\u0151 magaslatok kit\u0171n\u0151 terepet jelentettek a hegyi fut\u00e1shoz, \u00edgy a kond\u00edci\u00f3t is siker\u00fclt fejleszteni az edz\u0151t\u00e1bor sor\u00e1n.&nbsp;&nbsp;Kir\u00e1ndul\u00e1sra is jutott id\u0151, egyszer a sziget leg\u00e9szakibb pontj\u00e1ra, Lun telep\u00fcl\u00e9sre l\u00e1togatott el a csapat, ahol egy t\u00f6bb sz\u00e1z \u00e9ves olajfa-liget is tal\u00e1lhat\u00f3. K\u00e9t alkalommal a legk\u00f6zelebbi v\u00e1rosba, Novalj\u00e1ra is \u00e1tbuszoztunk. <br>A Pod Zvon nev\u0171 \u00e9ttermet mindenkinek csak aj\u00e1nlani tudjuk, a pizza \u00f3r\u00e1si \u00e9s isteni, a tintahalr\u00f3l (lignje) nem is besz\u00e9lve.Haza\u00e9rkez\u00e9s\u00fcnkkor kit\u00f6rt a tavaszi sz\u00fcnet, \u00fagyhogy sr\u00e1caink, l\u00e1nyaink r\u00e1h\u00fazhattak m\u00e9g egy kicsit. A szezon m\u00e1jus 10-\u00e9n indul Gy\u0151rben, a kicsiknek, vagyis a 10-14 \u00e9ves koroszt\u00e1lynak 5 kilom\u00e9ter a t\u00e1v, onnant\u00f3l f\u00f6lfel\u00e9 pedig 8 kilom\u00e9ter. Sz\u00f3val, volt, van mire k\u00e9sz\u00fclni!&nbsp;<\/p>\n\n\n\n<figure class=\"wp-block-image size-large\"><img decoding=\"async\" loading=\"lazy\" width=\"1024\" height=\"768\" src=\"https:\/\/berekibarkasegylet.hu\/wp-content\/uploads\/2025\/04\/1000002394-copy-1024x768.jpg\" alt=\"\" class=\"wp-image-9055\" srcset=\"https:\/\/berekibarkasegylet.hu\/wp-content\/uploads\/2025\/04\/1000002394-copy-1024x768.jpg 1024w, https:\/\/berekibarkasegylet.hu\/wp-content\/uploads\/2025\/04\/1000002394-copy-300x225.jpg 300w, https:\/\/berekibarkasegylet.hu\/wp-content\/uploads\/2025\/04\/1000002394-copy-768x576.jpg 768w, https:\/\/berekibarkasegylet.hu\/wp-content\/uploads\/2025\/04\/1000002394-copy-1536x1152.jpg 1536w, https:\/\/berekibarkasegylet.hu\/wp-content\/uploads\/2025\/04\/1000002394-copy-2048x1536.jpg 2048w, https:\/\/berekibarkasegylet.hu\/wp-content\/uploads\/2025\/04\/1000002394-copy-900x675.jpg 900w, https:\/\/berekibarkasegylet.hu\/wp-content\/uploads\/2025\/04\/1000002394-copy-600x450.jpg 600w\" sizes=\"(max-width: 1024px) 100vw, 1024px\" \/><\/figure>\n\n\n\n<figure class=\"wp-block-image size-large\"><img decoding=\"async\" loading=\"lazy\" width=\"1024\" height=\"768\" src=\"https:\/\/berekibarkasegylet.hu\/wp-content\/uploads\/2025\/04\/1000002364-1024x768.jpg\" alt=\"\" class=\"wp-image-9056\" srcset=\"https:\/\/berekibarkasegylet.hu\/wp-content\/uploads\/2025\/04\/1000002364-1024x768.jpg 1024w, https:\/\/berekibarkasegylet.hu\/wp-content\/uploads\/2025\/04\/1000002364-300x225.jpg 300w, https:\/\/berekibarkasegylet.hu\/wp-content\/uploads\/2025\/04\/1000002364-768x576.jpg 768w, https:\/\/berekibarkasegylet.hu\/wp-content\/uploads\/2025\/04\/1000002364-1536x1152.jpg 1536w, https:\/\/berekibarkasegylet.hu\/wp-content\/uploads\/2025\/04\/1000002364-2048x1536.jpg 2048w, https:\/\/berekibarkasegylet.hu\/wp-content\/uploads\/2025\/04\/1000002364-900x675.jpg 900w, https:\/\/berekibarkasegylet.hu\/wp-content\/uploads\/2025\/04\/1000002364-600x450.jpg 600w\" sizes=\"(max-width: 1024px) 100vw, 1024px\" \/><\/figure>\n\n\n\n<figure class=\"wp-block-image size-large\"><img decoding=\"async\" loading=\"lazy\" width=\"768\" height=\"1024\" src=\"https:\/\/berekibarkasegylet.hu\/wp-content\/uploads\/2025\/04\/1000002313-copy-768x1024.jpg\" alt=\"\" class=\"wp-image-9058\" srcset=\"https:\/\/berekibarkasegylet.hu\/wp-content\/uploads\/2025\/04\/1000002313-copy-768x1024.jpg 768w, https:\/\/berekibarkasegylet.hu\/wp-content\/uploads\/2025\/04\/1000002313-copy-225x300.jpg 225w, https:\/\/berekibarkasegylet.hu\/wp-content\/uploads\/2025\/04\/1000002313-copy-1152x1536.jpg 1152w, https:\/\/berekibarkasegylet.hu\/wp-content\/uploads\/2025\/04\/1000002313-copy-1536x2048.jpg 1536w, https:\/\/berekibarkasegylet.hu\/wp-content\/uploads\/2025\/04\/1000002313-copy-900x1200.jpg 900w, https:\/\/berekibarkasegylet.hu\/wp-content\/uploads\/2025\/04\/1000002313-copy-600x800.jpg 600w, https:\/\/berekibarkasegylet.hu\/wp-content\/uploads\/2025\/04\/1000002313-copy-scaled.jpg 1920w\" sizes=\"(max-width: 768px) 100vw, 768px\" \/><\/figure>\n\n\n\n<figure class=\"wp-block-image size-large\"><img decoding=\"async\" loading=\"lazy\" width=\"1024\" height=\"768\" src=\"https:\/\/berekibarkasegylet.hu\/wp-content\/uploads\/2025\/04\/1000002320-copy-1024x768.jpg\" alt=\"\" class=\"wp-image-9059\" srcset=\"https:\/\/berekibarkasegylet.hu\/wp-content\/uploads\/2025\/04\/1000002320-copy-1024x768.jpg 1024w, https:\/\/berekibarkasegylet.hu\/wp-content\/uploads\/2025\/04\/1000002320-copy-300x225.jpg 300w, https:\/\/berekibarkasegylet.hu\/wp-content\/uploads\/2025\/04\/1000002320-copy-768x576.jpg 768w, https:\/\/berekibarkasegylet.hu\/wp-content\/uploads\/2025\/04\/1000002320-copy-1536x1152.jpg 1536w, https:\/\/berekibarkasegylet.hu\/wp-content\/uploads\/2025\/04\/1000002320-copy-2048x1536.jpg 2048w, https:\/\/berekibarkasegylet.hu\/wp-content\/uploads\/2025\/04\/1000002320-copy-900x675.jpg 900w, https:\/\/berekibarkasegylet.hu\/wp-content\/uploads\/2025\/04\/1000002320-copy-600x450.jpg 600w\" sizes=\"(max-width: 1024px) 100vw, 1024px\" \/><\/figure>\n\n\n\n<figure class=\"wp-block-image size-large\"><img decoding=\"async\" loading=\"lazy\" width=\"1024\" height=\"768\" src=\"https:\/\/berekibarkasegylet.hu\/wp-content\/uploads\/2025\/04\/1000002304-copy-1024x768.jpg\" alt=\"\" class=\"wp-image-9060\" srcset=\"https:\/\/berekibarkasegylet.hu\/wp-content\/uploads\/2025\/04\/1000002304-copy-1024x768.jpg 1024w, https:\/\/berekibarkasegylet.hu\/wp-content\/uploads\/2025\/04\/1000002304-copy-300x225.jpg 300w, https:\/\/berekibarkasegylet.hu\/wp-content\/uploads\/2025\/04\/1000002304-copy-768x576.jpg 768w, https:\/\/berekibarkasegylet.hu\/wp-content\/uploads\/2025\/04\/1000002304-copy-1536x1152.jpg 1536w, https:\/\/berekibarkasegylet.hu\/wp-content\/uploads\/2025\/04\/1000002304-copy-2048x1536.jpg 2048w, https:\/\/berekibarkasegylet.hu\/wp-content\/uploads\/2025\/04\/1000002304-copy-900x675.jpg 900w, https:\/\/berekibarkasegylet.hu\/wp-content\/uploads\/2025\/04\/1000002304-copy-600x450.jpg 600w\" sizes=\"(max-width: 1024px) 100vw, 1024px\" \/><\/figure>\n","protected":false},"excerpt":{"rendered":"<p>Tavaly Montenegr\u00f3ban edz\u0151t\u00e1borozott kenus csapatunk. A k\u00fclf\u00f6ldi felk\u00e9sz\u00fcl\u00e9snek meg is lett az eredm\u00e9nye, szakoszt\u00e1lyunk t\u00f6rt\u00e9net\u00e9nek legsikeresebb szezonj\u00e1t z\u00e1rta 2024-ben. Annak \u00e9rdek\u00e9ben, hogy id\u00e9n is folytat\u00f3djon a j\u00f3 sorozat, a tavaszi sz\u00fcnet el\u0151tt ism\u00e9t d\u00e9lre utazhattak kenusaink, m\u00e9gpedig Horv\u00e1torsz\u00e1gba.&nbsp;\u00datic\u00e9lunk ez\u00fattal&nbsp;a horv\u00e1t tengerpart egyik legfurcs\u00e1bb jelleg\u0171 szigete volt. Pag a term\u00e9szetes k\u00f6rnyezet\u00e9t illet\u0151en ugyanis szembet\u0171n\u0151 kett\u0151ss\u00e9get mutat.<\/p>\n","protected":false},"author":3,"featured_media":9060,"comment_status":"open","ping_status":"open","sticky":false,"template":"","format":"standard","meta":[],"categories":[1],"tags":[128,126,124,133,138,140],"_links":{"self":[{"href":"https:\/\/berekibarkasegylet.hu\/index.php\/wp-json\/wp\/v2\/posts\/9052"}],"collection":[{"href":"https:\/\/berekibarkasegylet.hu\/index.php\/wp-json\/wp\/v2\/posts"}],"about":[{"href":"https:\/\/berekibarkasegylet.hu\/index.php\/wp-json\/wp\/v2\/types\/post"}],"author":[{"embeddable":true,"href":"https:\/\/berekibarkasegylet.hu\/index.php\/wp-json\/wp\/v2\/users\/3"}],"replies":[{"embeddable":true,"href":"https:\/\/berekibarkasegylet.hu\/index.php\/wp-json\/wp\/v2\/comments?post=9052"}],"version-history":[{"count":2,"href":"https:\/\/berekibarkasegylet.hu\/index.php\/wp-json\/wp\/v2\/posts\/9052\/revisions"}],"predecessor-version":[{"id":9117,"href":"https:\/\/berekibarkasegylet.hu\/index.php\/wp-json\/wp\/v2\/posts\/9052\/revisions\/9117"}],"wp:featuredmedia":[{"embeddable":true,"href":"https:\/\/berekibarkasegylet.hu\/index.php\/wp-json\/wp\/v2\/media\/9060"}],"wp:attachment":[{"href":"https:\/\/berekibarkasegylet.hu\/index.php\/wp-json\/wp\/v2\/media?parent=9052"}],"wp:term":[{"taxonomy":"category","embeddable":true,"href":"https:\/\/berekibarkasegylet.hu\/index.php\/wp-json\/wp\/v2\/categories?post=9052"},{"taxonomy":"post_tag","embeddable":true,"href":"https:\/\/berekibarkasegylet.hu\/index.php\/wp-json\/wp\/v2\/tags?post=9052"}],"curies":[{"name":"wp","href":"https:\/\/api.w.org\/{rel}","templated":true}]}}