{"id":9135,"date":"2025-05-16T08:04:52","date_gmt":"2025-05-16T08:04:52","guid":{"rendered":"https:\/\/berekibarkasegylet.hu\/?p=9135"},"modified":"2025-05-16T08:05:42","modified_gmt":"2025-05-16T08:05:42","slug":"hutoszekreny-olajoskanna-butorok-a-rababan","status":"publish","type":"post","link":"https:\/\/berekibarkasegylet.hu\/index.php\/2025\/05\/16\/hutoszekreny-olajoskanna-butorok-a-rababan\/","title":{"rendered":"H\u0171t\u0151szekr\u00e9ny, olajoskanna, b\u00fatorok a R\u00e1b\u00e1ban"},"content":{"rendered":"\n<p>\u00c1prilis utols\u00f3 h\u00e9tv\u00e9g\u00e9j\u00e9n \u2013 civil szervezetek, \u00f6nk\u00e9ntesek \u00e9s mag\u00e1nszem\u00e9lyek r\u00e9szv\u00e9tel\u00e9vel \u2013 24. alkalommal rendezt\u00e9k meg a R\u00e1ba-takar\u00edt\u00e1st a foly\u00f3 Als\u00f3sz\u00f6ln\u00f6k-P\u00fcsp\u00f6kmoln\u00e1ri szakasz\u00e1n, mintegy 100 folyamkilom\u00e9teren.<br>A szem\u00e9tszed\u0151 akci\u00f3ban koordin\u00e1tori szerepet v\u00e1llalt a Bereki B\u00e1rk\u00e1s Egylet.<\/p>\n\n\n\n<p>A R\u00e1ba-takar\u00edt\u00e1s egy \u00f6nk\u00e9ntes k\u00f6rnyezetv\u00e9delmi program, amit a k\u00f6rny\u00e9kbeli \u2013 cs\u00e1k\u00e1nydoroszl\u00f3i, molnaszecs\u0151di, magyarszecs\u0151di, cs\u00f6r\u00f6tneki \u00e9s k\u00f6rmendi \u2013 v\u00edzi csapatok kezdem\u00e9nyeztek annak \u00e9rdek\u00e9ben, hogy a t\u00faraszezon kezdet\u00e9re tiszta legyen a foly\u00f3. Az id\u00e9n is t\u00f6bb zs\u00e1knyi PET palackot szedtek ki a R\u00e1b\u00e1b\u00f3l az \u00f6nk\u00e9ntesek, de konzervdobozok, olajos kann\u00e1k, m\u0171anyag kerti b\u00fatorok, h\u00e1ztart\u00e1si nagyg\u00e9pek, kisebb-nagyobb elektronikai eszk\u00f6z\u00f6k \u00e9s aut\u00f3gumik is ker\u00fcltek a gy\u0171jt\u0151 kont\u00e9nerekbe. A R\u00e1ba-takar\u00edt\u00e1sra az orsz\u00e1g k\u00fcl\u00f6nb\u00f6z\u0151 pontjair\u00f3l \u00e9rkeztek r\u00e9sztvev\u0151k. Le\u00e1nyfalu \u00e9s Dunavars\u00e1ny \u00e9vek \u00f3ta k\u00e9pviselteti mag\u00e1t a szem\u00e9tszed\u00e9sen, a Duna mell\u0151l id\u00e9n is nagyobb t\u00e1rsas\u00e1g j\u00f6tt takar\u00edtani.Az akci\u00f3hoz csatlakozott az \u0150rs\u00e9gi Nemzeti Park Igazgat\u00f3s\u00e1g, valamint a Nyugat-dun\u00e1nt\u00fali V\u00edz\u00fcgyi Igazgat\u00f3s\u00e1g is. \u2013 A v\u00edzi csapatok \u00e9s hivatalos szervezetek mellett t\u00f6bb, R\u00e1b\u00e1t szeret\u0151 mag\u00e1nszem\u00e9ly is itt volt a takar\u00edt\u00e1son, mert fontosnak \u00e9rzi ezt az \u00fcgyet. Sajnos, m\u00e9g mindig van, aki a v\u00edzbe sz\u00f3rja feleslegess\u00e9 v\u00e1lt holmij\u00e1t, ez az, ami nem v\u00e1ltozik.<br>Az elm\u00falt t\u00f6bb mint k\u00e9t \u00e9vtizedben \u2013 kiv\u00e9tel n\u00e9lk\u00fcl \u2013 mindig volt a foly\u00f3ban h\u00e1ztart\u00e1si g\u00e9p, ami csak sz\u00e1nt sz\u00e1nd\u00e9kkal, \u201etudatosan\u201d ker\u00fclhetett oda. Ez\u00fattal egy nagyobb h\u0171t\u0151szekr\u00e9ny darabjaira bukkantunk, de hungarocell t\u00e1bla is akadt b\u0151ven \u2013 tudtuk meg Varga G\u00e1bor Istv\u00e1nt\u00f3l, a Bereki B\u00e1rk\u00e1s Egylet eln\u00f6k\u00e9t\u0151l.<br>A szem\u00e9tszed\u00e9s v\u00e9g\u00e9n pincep\u00f6rk\u00f6lttel l\u00e1tt\u00e1k vend\u00e9g\u00fcl az \u00f6nk\u00e9nteseket, z\u00e1r\u00e1sk\u00e9nt pedig az \u00d6v\u00f6n alul zenekar koncertezett a B\u00e1rkah\u00e1zban.<\/p>\n\n\n\n<p><\/p>\n\n\n\n<figure class=\"wp-block-image size-large\"><img decoding=\"async\" loading=\"lazy\" width=\"1024\" height=\"683\" src=\"https:\/\/berekibarkasegylet.hu\/wp-content\/uploads\/2025\/05\/image-1024x683.png\" alt=\"\" class=\"wp-image-9136\" srcset=\"https:\/\/berekibarkasegylet.hu\/wp-content\/uploads\/2025\/05\/image-1024x683.png 1024w, https:\/\/berekibarkasegylet.hu\/wp-content\/uploads\/2025\/05\/image-300x200.png 300w, https:\/\/berekibarkasegylet.hu\/wp-content\/uploads\/2025\/05\/image-768x512.png 768w, https:\/\/berekibarkasegylet.hu\/wp-content\/uploads\/2025\/05\/image-1536x1024.png 1536w, https:\/\/berekibarkasegylet.hu\/wp-content\/uploads\/2025\/05\/image-900x600.png 900w, https:\/\/berekibarkasegylet.hu\/wp-content\/uploads\/2025\/05\/image-600x400.png 600w, https:\/\/berekibarkasegylet.hu\/wp-content\/uploads\/2025\/05\/image.png 1920w\" sizes=\"(max-width: 1024px) 100vw, 1024px\" \/><\/figure>\n","protected":false},"excerpt":{"rendered":"<p>\u00c1prilis utols\u00f3 h\u00e9tv\u00e9g\u00e9j\u00e9n \u2013 civil szervezetek, \u00f6nk\u00e9ntesek \u00e9s mag\u00e1nszem\u00e9lyek r\u00e9szv\u00e9tel\u00e9vel \u2013 24. alkalommal rendezt\u00e9k meg a R\u00e1ba-takar\u00edt\u00e1st a foly\u00f3 Als\u00f3sz\u00f6ln\u00f6k-P\u00fcsp\u00f6kmoln\u00e1ri szakasz\u00e1n, mintegy 100 folyamkilom\u00e9teren.A szem\u00e9tszed\u0151 akci\u00f3ban koordin\u00e1tori szerepet v\u00e1llalt a Bereki B\u00e1rk\u00e1s Egylet. A R\u00e1ba-takar\u00edt\u00e1s egy \u00f6nk\u00e9ntes k\u00f6rnyezetv\u00e9delmi program, amit a k\u00f6rny\u00e9kbeli \u2013 cs\u00e1k\u00e1nydoroszl\u00f3i, molnaszecs\u0151di, magyarszecs\u0151di, cs\u00f6r\u00f6tneki \u00e9s k\u00f6rmendi \u2013 v\u00edzi csapatok kezdem\u00e9nyeztek annak \u00e9rdek\u00e9ben,<\/p>\n","protected":false},"author":3,"featured_media":9136,"comment_status":"open","ping_status":"open","sticky":false,"template":"","format":"standard","meta":[],"categories":[1],"tags":[],"_links":{"self":[{"href":"https:\/\/berekibarkasegylet.hu\/index.php\/wp-json\/wp\/v2\/posts\/9135"}],"collection":[{"href":"https:\/\/berekibarkasegylet.hu\/index.php\/wp-json\/wp\/v2\/posts"}],"about":[{"href":"https:\/\/berekibarkasegylet.hu\/index.php\/wp-json\/wp\/v2\/types\/post"}],"author":[{"embeddable":true,"href":"https:\/\/berekibarkasegylet.hu\/index.php\/wp-json\/wp\/v2\/users\/3"}],"replies":[{"embeddable":true,"href":"https:\/\/berekibarkasegylet.hu\/index.php\/wp-json\/wp\/v2\/comments?post=9135"}],"version-history":[{"count":2,"href":"https:\/\/berekibarkasegylet.hu\/index.php\/wp-json\/wp\/v2\/posts\/9135\/revisions"}],"predecessor-version":[{"id":9139,"href":"https:\/\/berekibarkasegylet.hu\/index.php\/wp-json\/wp\/v2\/posts\/9135\/revisions\/9139"}],"wp:featuredmedia":[{"embeddable":true,"href":"https:\/\/berekibarkasegylet.hu\/index.php\/wp-json\/wp\/v2\/media\/9136"}],"wp:attachment":[{"href":"https:\/\/berekibarkasegylet.hu\/index.php\/wp-json\/wp\/v2\/media?parent=9135"}],"wp:term":[{"taxonomy":"category","embeddable":true,"href":"https:\/\/berekibarkasegylet.hu\/index.php\/wp-json\/wp\/v2\/categories?post=9135"},{"taxonomy":"post_tag","embeddable":true,"href":"https:\/\/berekibarkasegylet.hu\/index.php\/wp-json\/wp\/v2\/tags?post=9135"}],"curies":[{"name":"wp","href":"https:\/\/api.w.org\/{rel}","templated":true}]}}