{"id":9158,"date":"2025-06-13T08:36:06","date_gmt":"2025-06-13T08:36:06","guid":{"rendered":"https:\/\/berekibarkasegylet.hu\/?p=9158"},"modified":"2025-06-13T08:49:34","modified_gmt":"2025-06-13T08:49:34","slug":"ket-bronzerem-a-maraton-magyar-bajnoksagon","status":"publish","type":"post","link":"https:\/\/berekibarkasegylet.hu\/index.php\/2025\/06\/13\/ket-bronzerem-a-maraton-magyar-bajnoksagon\/","title":{"rendered":"K\u00e9t bronz\u00e9rem a Maraton Magyar Bajnoks\u00e1gon"},"content":{"rendered":"\n<p>Szakoszt\u00e1lyunk eddigi legsikeresebb maratomj\u00e1n vagyunk t\u00fal.<br>Szalai Benj\u00e1min U17-18 koroszt\u00e1lyban bronz\u00e9rmet szerzett s\u00edkv\u00edzi 15 km-en.<br>Varga R\u00f3za Anna szint\u00e9n bronz\u00e9rmet szerzett 5000 m\u00e9teren, ezzel meg\u0151rizte tavalyi hely\u00e9t a dobog\u00f3n.<\/p>\n\n\n\n<p>Tov\u00e1bbi Eredm\u00e9nyek:<br>U10-MC1 &#8211; 5 km: Varga Fl\u00f3ra Kata &#8211; 4. hely<br>U13-NC1 &#8211; 5 km: Szall\u00e1r Lili Alexa &#8211; 10. hely<br>U13-C1 &#8211; 10 km: Sz\u00e1raz \u00c1d\u00e1m &#8211; 15. hely<br>                           : Szalai Zal\u00e1n &#8211; 18. hely<br>                           : Moln\u00e1r Kende &#8211; 21. hely<br>U14-NC1 &#8211; 5 km: Honfi R\u00e9ka &#8211; 8. hely<br>U15-NC1 &#8211; 10 km: Korona Panka &#8211; 7. hely<\/p>\n\n\n\n<figure class=\"wp-block-image size-full\"><img decoding=\"async\" loading=\"lazy\" width=\"886\" height=\"687\" src=\"https:\/\/berekibarkasegylet.hu\/wp-content\/uploads\/2025\/06\/beni_bronz.jpg\" alt=\"\" class=\"wp-image-9159\" srcset=\"https:\/\/berekibarkasegylet.hu\/wp-content\/uploads\/2025\/06\/beni_bronz.jpg 886w, https:\/\/berekibarkasegylet.hu\/wp-content\/uploads\/2025\/06\/beni_bronz-300x233.jpg 300w, https:\/\/berekibarkasegylet.hu\/wp-content\/uploads\/2025\/06\/beni_bronz-768x596.jpg 768w, https:\/\/berekibarkasegylet.hu\/wp-content\/uploads\/2025\/06\/beni_bronz-600x465.jpg 600w\" sizes=\"(max-width: 886px) 100vw, 886px\" \/><\/figure>\n","protected":false},"excerpt":{"rendered":"<p>Szakoszt\u00e1lyunk eddigi legsikeresebb maratomj\u00e1n vagyunk t\u00fal.Szalai Benj\u00e1min U17-18 koroszt\u00e1lyban bronz\u00e9rmet szerzett s\u00edkv\u00edzi 15 km-en.Varga R\u00f3za Anna szint\u00e9n bronz\u00e9rmet szerzett 5000 m\u00e9teren, ezzel meg\u0151rizte tavalyi hely\u00e9t a dobog\u00f3n. Tov\u00e1bbi Eredm\u00e9nyek:U10-MC1 &#8211; 5 km: Varga Fl\u00f3ra Kata &#8211; 4. helyU13-NC1 &#8211; 5 km: Szall\u00e1r Lili Alexa &#8211; 10. helyU13-C1 &#8211; 10 km: Sz\u00e1raz \u00c1d\u00e1m &#8211; 15. hely<\/p>\n","protected":false},"author":3,"featured_media":9163,"comment_status":"open","ping_status":"open","sticky":false,"template":"","format":"standard","meta":[],"categories":[1],"tags":[126,140],"_links":{"self":[{"href":"https:\/\/berekibarkasegylet.hu\/index.php\/wp-json\/wp\/v2\/posts\/9158"}],"collection":[{"href":"https:\/\/berekibarkasegylet.hu\/index.php\/wp-json\/wp\/v2\/posts"}],"about":[{"href":"https:\/\/berekibarkasegylet.hu\/index.php\/wp-json\/wp\/v2\/types\/post"}],"author":[{"embeddable":true,"href":"https:\/\/berekibarkasegylet.hu\/index.php\/wp-json\/wp\/v2\/users\/3"}],"replies":[{"embeddable":true,"href":"https:\/\/berekibarkasegylet.hu\/index.php\/wp-json\/wp\/v2\/comments?post=9158"}],"version-history":[{"count":2,"href":"https:\/\/berekibarkasegylet.hu\/index.php\/wp-json\/wp\/v2\/posts\/9158\/revisions"}],"predecessor-version":[{"id":9162,"href":"https:\/\/berekibarkasegylet.hu\/index.php\/wp-json\/wp\/v2\/posts\/9158\/revisions\/9162"}],"wp:featuredmedia":[{"embeddable":true,"href":"https:\/\/berekibarkasegylet.hu\/index.php\/wp-json\/wp\/v2\/media\/9163"}],"wp:attachment":[{"href":"https:\/\/berekibarkasegylet.hu\/index.php\/wp-json\/wp\/v2\/media?parent=9158"}],"wp:term":[{"taxonomy":"category","embeddable":true,"href":"https:\/\/berekibarkasegylet.hu\/index.php\/wp-json\/wp\/v2\/categories?post=9158"},{"taxonomy":"post_tag","embeddable":true,"href":"https:\/\/berekibarkasegylet.hu\/index.php\/wp-json\/wp\/v2\/tags?post=9158"}],"curies":[{"name":"wp","href":"https:\/\/api.w.org\/{rel}","templated":true}]}}