{"id":9180,"date":"2025-07-02T05:47:31","date_gmt":"2025-07-02T05:47:31","guid":{"rendered":"https:\/\/berekibarkasegylet.hu\/?p=9180"},"modified":"2025-07-02T05:50:00","modified_gmt":"2025-07-02T05:50:00","slug":"bronzerem-a-ii-ifjusagi-valogaton","status":"publish","type":"post","link":"https:\/\/berekibarkasegylet.hu\/index.php\/2025\/07\/02\/bronzerem-a-ii-ifjusagi-valogaton\/","title":{"rendered":"Bronz\u00e9rem a II. Ifj\u00fas\u00e1gi V\u00e1logat\u00f3n"},"content":{"rendered":"\n<p>Nagyon b\u00fcszk\u00e9k vagyunk egyes\u00fclet\u00fcnk versenyz\u0151j\u00e9re, Szalai Benj\u00e1minra, aki Szegeden, a m\u00e1sodik Ifj\u00fas\u00e1gi V\u00e1logat\u00f3n C2 1000 m\u00e9teren BRONZ\u00c9RMET szerzett. A p\u00e1ros egys\u00e9g m\u00e1sik tagja a V\u00e1ci Karak\u00e1n versenyz\u0151je, Fodor J\u00e1nos volt.<\/p>\n\n\n\n<p>Beni sikerei bizony\u00edtj\u00e1k, hogy a &#8220;kedvez\u0151tlen&#8221; R\u00e1b\u00e1r\u00f3l is el lehet jutni az orsz\u00e1g legjobbjai k\u00f6z\u00e9, ha valaki sz\u00edv\u00f3s, kitart\u00f3 \u00e9s mindent megtesz az \u00e1lmai\u00e9rt.<\/p>\n\n\n\n<p>Ezt a sikert annak az embernek aj\u00e1nlan\u00e1m, aki eltorzult arccal &#8211; szinte napra pontosan \u00f6t \u00e9ve &#8211; a <a><\/a>B\u00e1rkah\u00e1zban azt mondta egy m\u00e1sik \u00e1lmodoz\u00f3nak, Barb\u00e1rnak: &#8220;Csak nem gondolod, hogy el tudsz \u00e9rni valamit? Csak nem hiszed, hogy lesznek eredm\u00e9nyeid?&#8221;<\/p>\n\n\n\n<p>Innen \u00fczenem: nem lesznek. Vannak.<\/p>\n\n\n\n<p>Hajr\u00e1-Hajr\u00e1!<\/p>\n\n\n\n<p><\/p>\n\n\n\n<p>T\u00f3th Judit<\/p>\n\n\n\n<figure class=\"wp-block-image size-large\"><img decoding=\"async\" loading=\"lazy\" width=\"768\" height=\"1024\" src=\"https:\/\/berekibarkasegylet.hu\/wp-content\/uploads\/2025\/07\/image-768x1024.png\" alt=\"\" class=\"wp-image-9181\" srcset=\"https:\/\/berekibarkasegylet.hu\/wp-content\/uploads\/2025\/07\/image-768x1024.png 768w, https:\/\/berekibarkasegylet.hu\/wp-content\/uploads\/2025\/07\/image-225x300.png 225w, https:\/\/berekibarkasegylet.hu\/wp-content\/uploads\/2025\/07\/image-900x1200.png 900w, https:\/\/berekibarkasegylet.hu\/wp-content\/uploads\/2025\/07\/image-600x800.png 600w, https:\/\/berekibarkasegylet.hu\/wp-content\/uploads\/2025\/07\/image.png 1080w\" sizes=\"(max-width: 768px) 100vw, 768px\" \/><\/figure>\n","protected":false},"excerpt":{"rendered":"<p>Nagyon b\u00fcszk\u00e9k vagyunk egyes\u00fclet\u00fcnk versenyz\u0151j\u00e9re, Szalai Benj\u00e1minra, aki Szegeden, a m\u00e1sodik Ifj\u00fas\u00e1gi V\u00e1logat\u00f3n C2 1000 m\u00e9teren BRONZ\u00c9RMET szerzett. A p\u00e1ros egys\u00e9g m\u00e1sik tagja a V\u00e1ci Karak\u00e1n versenyz\u0151je, Fodor J\u00e1nos volt. Beni sikerei bizony\u00edtj\u00e1k, hogy a &#8220;kedvez\u0151tlen&#8221; R\u00e1b\u00e1r\u00f3l is el lehet jutni az orsz\u00e1g legjobbjai k\u00f6z\u00e9, ha valaki sz\u00edv\u00f3s, kitart\u00f3 \u00e9s mindent megtesz az \u00e1lmai\u00e9rt. Ezt<\/p>\n","protected":false},"author":3,"featured_media":9183,"comment_status":"open","ping_status":"open","sticky":false,"template":"","format":"standard","meta":[],"categories":[1],"tags":[124,133,125,138,140],"_links":{"self":[{"href":"https:\/\/berekibarkasegylet.hu\/index.php\/wp-json\/wp\/v2\/posts\/9180"}],"collection":[{"href":"https:\/\/berekibarkasegylet.hu\/index.php\/wp-json\/wp\/v2\/posts"}],"about":[{"href":"https:\/\/berekibarkasegylet.hu\/index.php\/wp-json\/wp\/v2\/types\/post"}],"author":[{"embeddable":true,"href":"https:\/\/berekibarkasegylet.hu\/index.php\/wp-json\/wp\/v2\/users\/3"}],"replies":[{"embeddable":true,"href":"https:\/\/berekibarkasegylet.hu\/index.php\/wp-json\/wp\/v2\/comments?post=9180"}],"version-history":[{"count":2,"href":"https:\/\/berekibarkasegylet.hu\/index.php\/wp-json\/wp\/v2\/posts\/9180\/revisions"}],"predecessor-version":[{"id":9184,"href":"https:\/\/berekibarkasegylet.hu\/index.php\/wp-json\/wp\/v2\/posts\/9180\/revisions\/9184"}],"wp:featuredmedia":[{"embeddable":true,"href":"https:\/\/berekibarkasegylet.hu\/index.php\/wp-json\/wp\/v2\/media\/9183"}],"wp:attachment":[{"href":"https:\/\/berekibarkasegylet.hu\/index.php\/wp-json\/wp\/v2\/media?parent=9180"}],"wp:term":[{"taxonomy":"category","embeddable":true,"href":"https:\/\/berekibarkasegylet.hu\/index.php\/wp-json\/wp\/v2\/categories?post=9180"},{"taxonomy":"post_tag","embeddable":true,"href":"https:\/\/berekibarkasegylet.hu\/index.php\/wp-json\/wp\/v2\/tags?post=9180"}],"curies":[{"name":"wp","href":"https:\/\/api.w.org\/{rel}","templated":true}]}}